{"id":6025,"date":"2021-06-24T11:32:54","date_gmt":"2021-06-24T09:32:54","guid":{"rendered":"https:\/\/staging.avixi.be\/?p=6025"},"modified":"2021-07-19T10:47:22","modified_gmt":"2021-07-19T08:47:22","slug":"prime-unique-de-500-euros-pour-les-independants-impactee-par-la-crise-corona","status":"publish","type":"post","link":"https:\/\/staging.avixi.be\/fr\/prime-unique-de-500-euros-pour-les-independants-impactee-par-la-crise-corona\/","title":{"rendered":"Prime unique de 500 euros pour les ind\u00e9pendants impact\u00e9s par la crise corona"},"content":{"rendered":"<p>Le ministre des classes moyennes annonce l\u2019introduction d\u2019une prime unique de 500 euros net pour certains travailleurs ind\u00e9pendants dont l\u2019activit\u00e9 ind\u00e9pendante est\/a \u00e9t\u00e9 fortement impact\u00e9e par la crise corona et qui ont per\u00e7u des mesures temporaires de crise sur une p\u00e9riode d\u00e9termin\u00e9e.<\/p>\n<p>Seuls les travailleurs ind\u00e9pendants, les aidants et les conjoints aidants qui doivent des cotisations sociales au moins \u00e9gales \u00e0 la cotisation minimale pour un travailleur ind\u00e9pendant exer\u00e7ant l\u2019activit\u00e9 principale pourront b\u00e9n\u00e9ficier de cette prime.<\/p>\n<p>Pour pouvoir b\u00e9n\u00e9ficier de cette prime, l\u2019ind\u00e9pendant devra avoir b\u00e9n\u00e9fici\u00e9 d\u2019au moins 6 prestations mensuelles de droit de passerelle (\u00e0 l\u2019exception de la mesure de quarantaine ou de prise en charge d\u2019un enfant) au cours de la p\u00e9riode allant du 1er octobre 2020 au 30 avril 2021. Ces mois ne devraient pas n\u00e9cessairement \u00eatre cons\u00e9cutifs.<\/p>\n<p>Il s\u2019agit donc des revenus suivants :<\/p>\n<ul>\n<li>le droit de passerelle simple et interruption forc\u00e9e double<\/li>\n<li>le droit de passerelle soutien \u00e0 la reprise (prestation de relance)<\/li>\n<li>le droit de passerelle baisse du chiffre d\u2019affaires<\/li>\n<\/ul>\n<p>Apr\u00e8s v\u00e9rification des conditions d\u2019octroi, la caisse d\u2019assurance sociales proc\u00e9dera au paiement au plus tard le 30 septembre 2021.<\/p>\n","protected":false},"excerpt":{"rendered":"<p>Le ministre des classes moyennes annonce l\u2019introduction d\u2019une prime unique  [&#8230;]<\/p>\n","protected":false},"author":5,"featured_media":0,"comment_status":"closed","ping_status":"closed","sticky":false,"template":"","format":"standard","meta":{"_acf_changed":false,"footnotes":""},"categories":[29],"tags":[],"class_list":["post-6025","post","type-post","status-publish","format-standard","hentry","category-corona-fr"],"acf":[],"_links":{"self":[{"href":"https:\/\/staging.avixi.be\/fr\/wp-json\/wp\/v2\/posts\/6025","targetHints":{"allow":["GET"]}}],"collection":[{"href":"https:\/\/staging.avixi.be\/fr\/wp-json\/wp\/v2\/posts"}],"about":[{"href":"https:\/\/staging.avixi.be\/fr\/wp-json\/wp\/v2\/types\/post"}],"author":[{"embeddable":true,"href":"https:\/\/staging.avixi.be\/fr\/wp-json\/wp\/v2\/users\/5"}],"replies":[{"embeddable":true,"href":"https:\/\/staging.avixi.be\/fr\/wp-json\/wp\/v2\/comments?post=6025"}],"version-history":[{"count":5,"href":"https:\/\/staging.avixi.be\/fr\/wp-json\/wp\/v2\/posts\/6025\/revisions"}],"predecessor-version":[{"id":6120,"href":"https:\/\/staging.avixi.be\/fr\/wp-json\/wp\/v2\/posts\/6025\/revisions\/6120"}],"wp:attachment":[{"href":"https:\/\/staging.avixi.be\/fr\/wp-json\/wp\/v2\/media?parent=6025"}],"wp:term":[{"taxonomy":"category","embeddable":true,"href":"https:\/\/staging.avixi.be\/fr\/wp-json\/wp\/v2\/categories?post=6025"},{"taxonomy":"post_tag","embeddable":true,"href":"https:\/\/staging.avixi.be\/fr\/wp-json\/wp\/v2\/tags?post=6025"}],"curies":[{"name":"wp","href":"https:\/\/api.w.org\/{rel}","templated":true}]}}